{"id":5135,"date":"2023-09-20T21:18:58","date_gmt":"2023-09-20T19:18:58","guid":{"rendered":"https:\/\/mytrails.info\/?p=5135"},"modified":"2023-09-20T21:19:01","modified_gmt":"2023-09-20T19:19:01","slug":"via-alpina-traumpfad-auf-5000km-durch-die-alpen","status":"publish","type":"post","link":"https:\/\/mytrails.info\/de\/via-alpina-traumpfad-auf-5000km-durch-die-alpen\/","title":{"rendered":"Via Alpina &#8211; alle Informationen zum Traumpfad durch die Alpen!"},"content":{"rendered":"\n<p>Die Via Alpina ist ein Weitwanderweg der Superlative. Auf \u00fcber 5000 Kilometer durchquert sie acht Staaten in Europa. Wir m\u00f6chten euch mit diesem Beitrag alle n\u00f6tigen Informationen zur Via Alpina zur Verf\u00fcgung stellen.<\/p>\n\n\n\n<div class=\"wp-block-rank-math-toc-block\" id=\"rank-math-toc\"><h2>Inhaltsverzeichnis<\/h2><nav><ul><li class=\"\"><a href=\"#geschichte-der-via-alpina\">Geschichte der Via Alpina<\/a><\/li><li class=\"\"><a href=\"#allgemeine-informationen-zur-via-alpina\">\u00a0Allgemeine Informationen zur Via Alpina<\/a><\/li><li class=\"\"><a href=\"#rot-violett-gelb-grun-und-blau\">Rot, violett, gelb, gr\u00fcn und blau<\/a><ul><li class=\"\"><a href=\"#der-rote-weg\">Der rote Weg<\/a><\/li><li class=\"\"><a href=\"#der-violette-weg\">Der violette Weg<\/a><\/li><li class=\"\"><a href=\"#der-gelbe-weg\">Der gelbe Weg<\/a><\/li><li class=\"\"><a href=\"#der-grune-weg\">Der gr\u00fcne Weg\u00a0<\/a><\/li><li class=\"\"><a href=\"#der-blaue-weg\">Der blaue Weg<\/a><\/li><\/ul><\/li><li class=\"\"><a href=\"#beste-zeit-fur-die-via-alpina\">Beste Zeit f\u00fcr die Via Alpina<\/a><\/li><li class=\"\"><a href=\"#schwierigkeit-der-via-alpina\">Schwierigkeit der Via Alpina<\/a><\/li><li class=\"\"><a href=\"#orientierung-entlang-der-via-alpina\">Orientierung entlang der Via Alpina<\/a><\/li><li class=\"\"><a href=\"#unterkunfte-entlang-der-via-alpina\">Unterk\u00fcnfte entlang der Via Alpina<\/a><\/li><li class=\"\"><a href=\"#versorgung-entlang-der-via-alpina\">Versorgung entlang der Via Alpina<\/a><\/li><li class=\"\"><a href=\"#trinkwasser-an-der-via-alpina\">Trinkwasser an der Via Alpina<\/a><\/li><\/ul><\/nav><\/div>\n\n\n\n<h2 class=\"wp-block-heading\" id=\"geschichte-der-via-alpina\"><strong>Geschichte der Via Alpina<\/strong><\/h2>\n\n\n\n<p>Alles begann 1999, als auf Initiative des franz\u00f6sischen Vereins <em>Grande Travers\u00e9e des Alpes <\/em>die Idee eines Fernwanderwegs entlang der Alpen und durch die Anrainerstaaten geboren und das zugeh\u00f6rige Projekt gestartet wurde. Die Idee dahinter ist sehr europ\u00e4isch, n\u00e4mlich die beteiligten Staaten der Alpenkonvention n\u00e4her aneinander zu bringen. Dann ging es auch schon relativ schnell: Das Projekt erhielt 2000 den Namen <em>Via Alpina<\/em>. 2001 wurden passende Wegstrecken gesucht und auch schon markiert. Bereits 2002 erfolgte die Er\u00f6ffnung der Via Alpina. Diese sehr schnelle Umsetzung war in erster Linie der Tatsache geschuldet, dass keine neuen Wege angelegt werden mussten, sondern das bestehende Wegenetz der Alpen genutzt wurde.&nbsp;<\/p>\n\n\n\n<figure class=\"wp-block-gallery has-nested-images columns-2 is-cropped wp-block-gallery-1 is-layout-flex wp-block-gallery-is-layout-flex\">\n<figure class=\"wp-block-image size-large\"><img fetchpriority=\"high\" decoding=\"async\" width=\"800\" height=\"533\" data-id=\"5173\" src=\"https:\/\/mytrails.info\/wp-content\/uploads\/2023\/09\/2676663503_9d7e1f4dd6_o.webp\" alt=\"Via Alpina \u00a9Ingo Rinner https:\/\/creativecommons.org\/licenses\/by\/2.0\/legalcode\" class=\"wp-image-5173\" srcset=\"https:\/\/mytrails.info\/wp-content\/uploads\/2023\/09\/2676663503_9d7e1f4dd6_o.webp 800w, https:\/\/mytrails.info\/wp-content\/uploads\/2023\/09\/2676663503_9d7e1f4dd6_o-300x200.webp 300w, https:\/\/mytrails.info\/wp-content\/uploads\/2023\/09\/2676663503_9d7e1f4dd6_o-768x512.webp 768w, https:\/\/mytrails.info\/wp-content\/uploads\/2023\/09\/2676663503_9d7e1f4dd6_o-585x390.webp 585w, https:\/\/mytrails.info\/wp-content\/uploads\/2023\/09\/2676663503_9d7e1f4dd6_o-263x175.webp 263w\" sizes=\"(max-width: 800px) 100vw, 800px\" \/><figcaption class=\"wp-element-caption\">Via Alpina \u00a9Ingo Rinner https:\/\/creativecommons.org\/licenses\/by\/2.0\/legalcode<\/figcaption><\/figure>\n\n\n\n<figure class=\"wp-block-image size-large\"><img decoding=\"async\" width=\"800\" height=\"450\" data-id=\"5171\" src=\"https:\/\/mytrails.info\/wp-content\/uploads\/2023\/09\/2677179435_f7c885baa6_o.webp\" alt=\"\" class=\"wp-image-5171\" srcset=\"https:\/\/mytrails.info\/wp-content\/uploads\/2023\/09\/2677179435_f7c885baa6_o.webp 800w, https:\/\/mytrails.info\/wp-content\/uploads\/2023\/09\/2677179435_f7c885baa6_o-300x169.webp 300w, https:\/\/mytrails.info\/wp-content\/uploads\/2023\/09\/2677179435_f7c885baa6_o-768x432.webp 768w, https:\/\/mytrails.info\/wp-content\/uploads\/2023\/09\/2677179435_f7c885baa6_o-585x329.webp 585w\" sizes=\"(max-width: 800px) 100vw, 800px\" \/><figcaption class=\"wp-element-caption\">Via Alpina \u00a9Ingo Rinner https:\/\/creativecommons.org\/licenses\/by\/2.0\/legalcode<\/figcaption><\/figure>\n\n\n\n<figure class=\"wp-block-image size-large\"><img decoding=\"async\" width=\"800\" height=\"533\" data-id=\"5169\" src=\"https:\/\/mytrails.info\/wp-content\/uploads\/2023\/09\/2677483414_20a50a2d37_o.webp\" alt=\"\" class=\"wp-image-5169\" srcset=\"https:\/\/mytrails.info\/wp-content\/uploads\/2023\/09\/2677483414_20a50a2d37_o.webp 800w, https:\/\/mytrails.info\/wp-content\/uploads\/2023\/09\/2677483414_20a50a2d37_o-300x200.webp 300w, https:\/\/mytrails.info\/wp-content\/uploads\/2023\/09\/2677483414_20a50a2d37_o-768x512.webp 768w, https:\/\/mytrails.info\/wp-content\/uploads\/2023\/09\/2677483414_20a50a2d37_o-585x390.webp 585w, https:\/\/mytrails.info\/wp-content\/uploads\/2023\/09\/2677483414_20a50a2d37_o-263x175.webp 263w\" sizes=\"(max-width: 800px) 100vw, 800px\" \/><figcaption class=\"wp-element-caption\">Via Alpina \u00a9Ingo Rinner https:\/\/creativecommons.org\/licenses\/by\/2.0\/legalcode<\/figcaption><\/figure>\n\n\n\n<figure class=\"wp-block-image size-large\"><img loading=\"lazy\" decoding=\"async\" width=\"800\" height=\"533\" data-id=\"5167\" src=\"https:\/\/mytrails.info\/wp-content\/uploads\/2023\/09\/2676664743_9b7e1ecb07_o.webp\" alt=\"\" class=\"wp-image-5167\" srcset=\"https:\/\/mytrails.info\/wp-content\/uploads\/2023\/09\/2676664743_9b7e1ecb07_o.webp 800w, https:\/\/mytrails.info\/wp-content\/uploads\/2023\/09\/2676664743_9b7e1ecb07_o-300x200.webp 300w, https:\/\/mytrails.info\/wp-content\/uploads\/2023\/09\/2676664743_9b7e1ecb07_o-768x512.webp 768w, https:\/\/mytrails.info\/wp-content\/uploads\/2023\/09\/2676664743_9b7e1ecb07_o-585x390.webp 585w, https:\/\/mytrails.info\/wp-content\/uploads\/2023\/09\/2676664743_9b7e1ecb07_o-263x175.webp 263w\" sizes=\"(max-width: 800px) 100vw, 800px\" \/><figcaption class=\"wp-element-caption\">Via Alpina \u00a9Ingo Rinner https:\/\/creativecommons.org\/licenses\/by\/2.0\/legalcode<\/figcaption><\/figure>\n<\/figure>\n\n\n\n<div style=\"height:15px\" aria-hidden=\"true\" class=\"wp-block-spacer\"><\/div>\n\n\n\n<h2 class=\"wp-block-heading\" id=\"allgemeine-informationen-zur-via-alpina\">&nbsp;<strong>Allgemeine Informationen zur Via Alpina<\/strong><\/h2>\n\n\n\n<p>Die Via Alpina verl\u00e4uft entlang des Alpenbogens von Triest bis nach Monaco. Dabei werden folgende L\u00e4nder von der Via Alpina durchquert:&nbsp;<\/p>\n\n\n\n<ul class=\"wp-block-list\">\n<li>Italien<\/li>\n\n\n\n<li>Slowenien<\/li>\n\n\n\n<li>\u00d6sterreich<\/li>\n\n\n\n<li>Deutschland<\/li>\n\n\n\n<li>Liechtenstein<\/li>\n\n\n\n<li>Schweiz<\/li>\n\n\n\n<li>Frankreich<\/li>\n\n\n\n<li>Monaco<\/li>\n<\/ul>\n\n\n\n<p>Die Streckenf\u00fchrung der Via Alpina verl\u00e4uft so, dass man mehr als 60mal die Grenzen dieser L\u00e4nder \u00fcberschreiten kann. Oftmals bemerkt man das aber im alpinen Gel\u00e4nde nicht.<\/p>\n\n\n\n<h2 class=\"wp-block-heading\" id=\"rot-violett-gelb-grun-und-blau\"><strong>Rot, violett, <strong>gelb<\/strong><\/strong>,<strong> gr\u00fcn und blau<\/strong><\/h2>\n\n\n\n<p>Nein, das sind nicht die Farben des Regenbogens, sondern die einzelnen Wege der Via Alpina. Die Via Alpina ist nicht ein durchg\u00e4ngiger Weg, sondern vielmehr ein Wegenetz, das aus f\u00fcnf verschiedenen Weitwanderwegen besteht. Alle sind bez\u00fcglich Ihrer Schwierigkeit \u00e4hnlich, sie durchqueren aber unterschiedliche L\u00e4nder und Landschaften.<\/p>\n\n\n\n<h3 class=\"wp-block-heading\" id=\"der-rote-weg\"><strong>Der rote Weg<\/strong><\/h3>\n\n\n\n<p>Die Strecke des roten Wegs verl\u00e4uft auf 161 Etappen durchg\u00e4ngig von Trieste nach Monaco und bildet daher so etwas wie die Hauptschlagader des Via Alpina. Er durchquert als einziger der Wege alle L\u00e4nder und ist damit auch der l\u00e4ngste Wege der Via Alpina. Entlang der Strecke \u00fcberschreitet man nicht nur 44 mal L\u00e4ndergrenzen, sondern kommt auch zu den wichtigsten Bergen der Alpen: Triglav, Drei Zinnen, Hochfeiler, Zugspitze, Silvretta, Bernina, Mont-Blanc, die Gletscher der Vanoise, die Barre des Ecrins und noch viele mehr!<\/p>\n\n\n\n<p><strong>Daten des roten Wegs<\/strong><\/p>\n\n\n\n<p>L\u00e4nge: 1863 km<br>Etappen: 161<br>H\u00f6henunterschied: 117.100 m<br>L\u00e4nder: Italien, Slowenien, \u00d6sterreich, Deutschland, Liechtenstein, Schweiz, Frankreich, Monaco<br>Gebirgsgruppen: Julische Alpen, Karawanken, Karnische Alpen, Dolomiten, Zillertaler Alpen, Tuxer Alpen, Karwendel, Wetterstein, Lechtaler Alpen, Allg\u00e4u, R\u00e4tikon, Silvretta, R\u00e4tische Alpen (Graub\u00fcnden\/ Ortler), Lepontische Alpen (Lombardei\/ Tessin), Walliser Alpen, Berner Alpen, Chablais, Mont-Blanc, Grajische Alpen (Aostatal\/ Vanoise), Dauphin\u00e9, Cottische Alpen (Queyras\/ Monviso), Seealpen, Unteres Piemont, Ligurische Alpen.&nbsp;<\/p>\n\n\n\n<h3 class=\"wp-block-heading\" id=\"der-violette-weg\"><strong>Der violette Weg<\/strong><\/h3>\n\n\n\n<p>Der violette Weg biegt beim Triglav nach Osten vom roten Weg ab und macht einen gro\u00dfen Bogen durch die \u00f6stlichen Kalkalpen. Dabei durchquert er in 66 Etappen von den Karawanken bis hin zum Allg\u00e4u etliche beeindruckende Landschaften. In Oberstdorf m\u00fcndet der violette Weg dann wieder in den roten Weg.<\/p>\n\n\n\n<p><strong>Dates des violetten Wegs<\/strong><\/p>\n\n\n\n<p>L\u00e4nge: 1044 km<br>Etappen: 66<br>H\u00f6henunterschied: 55.000 m<br>L\u00e4nder: Slowenien, \u00d6sterreich, Deutschland<br>Gebirgsgruppen: \u00d6stliche Julische Alpen, Steiner Alpen, Karawanken, Steirische Alpen, Niedere Tauern,Dachstein, Salzburger Alpen, Berchtesgadener Alpen, Chiemgauer Alpen, Bayerische Voralpen, Ammergauer Alpen, Allg\u00e4u.<\/p>\n\n\n\n<figure class=\"wp-block-gallery has-nested-images columns-2 is-cropped wp-block-gallery-2 is-layout-flex wp-block-gallery-is-layout-flex\">\n<figure class=\"wp-block-image size-large\"><img loading=\"lazy\" decoding=\"async\" width=\"800\" height=\"533\" data-id=\"5157\" src=\"https:\/\/mytrails.info\/wp-content\/uploads\/2023\/09\/2677483816_3ca761c62e_o.webp\" alt=\"\" class=\"wp-image-5157\" srcset=\"https:\/\/mytrails.info\/wp-content\/uploads\/2023\/09\/2677483816_3ca761c62e_o.webp 800w, https:\/\/mytrails.info\/wp-content\/uploads\/2023\/09\/2677483816_3ca761c62e_o-300x200.webp 300w, https:\/\/mytrails.info\/wp-content\/uploads\/2023\/09\/2677483816_3ca761c62e_o-768x512.webp 768w, https:\/\/mytrails.info\/wp-content\/uploads\/2023\/09\/2677483816_3ca761c62e_o-585x390.webp 585w, https:\/\/mytrails.info\/wp-content\/uploads\/2023\/09\/2677483816_3ca761c62e_o-263x175.webp 263w\" sizes=\"(max-width: 800px) 100vw, 800px\" \/><figcaption class=\"wp-element-caption\">Via Alpina \u00a9Ingo Rinner https:\/\/creativecommons.org\/licenses\/by\/2.0\/legalcode<\/figcaption><\/figure>\n\n\n\n<figure class=\"wp-block-image size-large\"><img loading=\"lazy\" decoding=\"async\" width=\"900\" height=\"506\" data-id=\"5155\" src=\"https:\/\/mytrails.info\/wp-content\/uploads\/2023\/09\/3774630838_de2ee0450a_o.webp\" alt=\"\" class=\"wp-image-5155\" srcset=\"https:\/\/mytrails.info\/wp-content\/uploads\/2023\/09\/3774630838_de2ee0450a_o.webp 900w, https:\/\/mytrails.info\/wp-content\/uploads\/2023\/09\/3774630838_de2ee0450a_o-300x169.webp 300w, https:\/\/mytrails.info\/wp-content\/uploads\/2023\/09\/3774630838_de2ee0450a_o-768x432.webp 768w, https:\/\/mytrails.info\/wp-content\/uploads\/2023\/09\/3774630838_de2ee0450a_o-585x329.webp 585w\" sizes=\"(max-width: 900px) 100vw, 900px\" \/><figcaption class=\"wp-element-caption\">Via Alpina \u00a9Ingo Rinner https:\/\/creativecommons.org\/licenses\/by\/2.0\/legalcode<\/figcaption><\/figure>\n\n\n\n<figure class=\"wp-block-image size-large\"><img loading=\"lazy\" decoding=\"async\" width=\"800\" height=\"450\" data-id=\"5153\" src=\"https:\/\/mytrails.info\/wp-content\/uploads\/2023\/09\/2676662903_8f11f4c187_o.jpg\" alt=\"\" class=\"wp-image-5153\" srcset=\"https:\/\/mytrails.info\/wp-content\/uploads\/2023\/09\/2676662903_8f11f4c187_o.jpg 800w, https:\/\/mytrails.info\/wp-content\/uploads\/2023\/09\/2676662903_8f11f4c187_o-300x169.jpg 300w, https:\/\/mytrails.info\/wp-content\/uploads\/2023\/09\/2676662903_8f11f4c187_o-768x432.jpg 768w, https:\/\/mytrails.info\/wp-content\/uploads\/2023\/09\/2676662903_8f11f4c187_o-585x329.jpg 585w\" sizes=\"(max-width: 800px) 100vw, 800px\" \/><figcaption class=\"wp-element-caption\">Via Alpina \u00a9Ingo Rinner https:\/\/creativecommons.org\/licenses\/by\/2.0\/legalcode<\/figcaption><\/figure>\n\n\n\n<figure class=\"wp-block-image size-large\"><img loading=\"lazy\" decoding=\"async\" width=\"800\" height=\"533\" data-id=\"5151\" src=\"https:\/\/mytrails.info\/wp-content\/uploads\/2023\/09\/2677482428_c9e968fdf4_o.webp\" alt=\"\" class=\"wp-image-5151\" srcset=\"https:\/\/mytrails.info\/wp-content\/uploads\/2023\/09\/2677482428_c9e968fdf4_o.webp 800w, https:\/\/mytrails.info\/wp-content\/uploads\/2023\/09\/2677482428_c9e968fdf4_o-300x200.webp 300w, https:\/\/mytrails.info\/wp-content\/uploads\/2023\/09\/2677482428_c9e968fdf4_o-768x512.webp 768w, https:\/\/mytrails.info\/wp-content\/uploads\/2023\/09\/2677482428_c9e968fdf4_o-585x390.webp 585w, https:\/\/mytrails.info\/wp-content\/uploads\/2023\/09\/2677482428_c9e968fdf4_o-263x175.webp 263w\" sizes=\"(max-width: 800px) 100vw, 800px\" \/><figcaption class=\"wp-element-caption\">Via Alpina \u00a9Ingo Rinner https:\/\/creativecommons.org\/licenses\/by\/2.0\/legalcode<\/figcaption><\/figure>\n<\/figure>\n\n\n\n<div style=\"height:15px\" aria-hidden=\"true\" class=\"wp-block-spacer\"><\/div>\n\n\n\n<h3 class=\"wp-block-heading\" id=\"der-gelbe-weg\"><strong>Der gelbe Weg<\/strong><\/h3>\n\n\n\n<p>Der gelbe Weg startet \u2013 wie auch der rote Weg \u2013 in Triest, verl\u00e4uft dann aber etwas weiter westlich durch einige der beeindruckendsten Landschaften der Alpen. Er durchquert die s\u00fcdlichen karnischen Alpen, die Dolomiten, nur um am Niederjoch (3019m) den h\u00f6chsten Punkt der Via Alpina zu erreichen. In Oberstdorf in Bayern m\u00fcndet der gelbe Weg (wie auch der violette) dann in den roten Weg.<\/p>\n\n\n\n<p><strong>Dates des gelben Wegs<\/strong><\/p>\n\n\n\n<p>L\u00e4nge: 800 km<br>Etappen: 40<br>H\u00f6henunterschied: 45.500m<br>L\u00e4nder: Italien, \u00d6sterreich, Deutschland<br>Gebirgsgruppen: Westliche Julische Alpen, Karnische Alpen, Dolomiten, \u00d6tztaler Alpen, Lechtaler Alpen, Allg\u00e4uerAlpen.<\/p>\n\n\n\n<h3 class=\"wp-block-heading\" id=\"der-grune-weg\"><strong>Der gr\u00fcne Weg<\/strong>&nbsp;<\/h3>\n\n\n\n<p>Der gr\u00fcne Weg ist mit 14 Etappen der k\u00fcrzeste Weg der Via Alpina und startet in Liechtenstein und endet in der Schweiz. Dabei durchquert er nicht nur 5 schweizer Kantone, sondern f\u00fchrt an drei der beeindruckendsten Berge des Berner Oberlands vorbei: Eiger, M\u00f6nch und Jungfrau. Innerhalb der Schweiz ist der Verlauf des gr\u00fcnen Wegs identisch mit der Schweizer Nationale Route Nr. 1.<\/p>\n\n\n\n<p><strong>Dates des gr\u00fcnen Wegs<\/strong><\/p>\n\n\n\n<p>L\u00e4nge: 303 km<br>Etappen: 14<br>H\u00f6henunterschied: 17.500 m<br>L\u00e4nder: Liechtenstein, Schweiz<br>Gebirgsgruppen: <em>R\u00e4tikon, Zentralschweiz, Berner Alpen.<\/em><\/p>\n\n\n\n<h3 class=\"wp-block-heading\" id=\"der-blaue-weg\"><strong>Der blaue Weg<\/strong><\/h3>\n\n\n\n<p>Der blaue Weg f\u00fchrt in 61 Etappen von den Gletschern des Monte-Rosas, durch den Nationalpark Gran Paradiso, um schlie\u00dflich die ruhigsten Gebiete des Nationalparks Mercantour zu durchqueren und im Dorf Sospel zu enden.<\/p>\n\n\n\n<p><strong>Dates des blauen Wegs<\/strong><\/p>\n\n\n\n<p>L\u00e4nge: 883 km<br>Etappen: 61<br>H\u00f6henunterschied: 61.400 m<br>L\u00e4nder: Schweiz, Italien, Frankreich<br>Gebirgsgruppen: <em>Walliser Alpen, Penninalpen, Cottische Alpen (Queyras\/Monviso), Seealpen<\/em><\/p>\n\n\n\n<h2 class=\"wp-block-heading\" id=\"beste-zeit-fur-die-via-alpina\"><strong>Beste Zeit f\u00fcr die Via Alpina<\/strong><\/h2>\n\n\n\n<p>Auch wenn die Strecke am Mittelmeer startet (Triest) und auch wieder endet (Monaco), verl\u00e4uft der Gro\u00dfteil in einer H\u00f6henlage von 1000 bis zu 3000 Metern. Insbesondere die h\u00f6heren Lagen machen es den Wanderern unm\u00f6glich, den Weg ganzj\u00e4hrig zu gehen. Die empfohlene Zeit zum Wandern der Via Alpina ist daher von Anfang Juli bis Mitte September. Niedrig gelegene Teilstrecken k\u00f6nnen auch fr\u00fcher oder sp\u00e4ter im Jahr durchgef\u00fchrt werden. Es wird aber empfohlen, auf Schneefreiheit des Weges zu achten.<\/p>\n\n\n\n<figure class=\"wp-block-gallery has-nested-images columns-2 is-cropped wp-block-gallery-3 is-layout-flex wp-block-gallery-is-layout-flex\">\n<figure class=\"wp-block-image size-large\"><img loading=\"lazy\" decoding=\"async\" width=\"800\" height=\"533\" data-id=\"5149\" src=\"https:\/\/mytrails.info\/wp-content\/uploads\/2023\/09\/2677477804_d419edffac_o.webp\" alt=\"\" class=\"wp-image-5149\" srcset=\"https:\/\/mytrails.info\/wp-content\/uploads\/2023\/09\/2677477804_d419edffac_o.webp 800w, https:\/\/mytrails.info\/wp-content\/uploads\/2023\/09\/2677477804_d419edffac_o-300x200.webp 300w, https:\/\/mytrails.info\/wp-content\/uploads\/2023\/09\/2677477804_d419edffac_o-768x512.webp 768w, https:\/\/mytrails.info\/wp-content\/uploads\/2023\/09\/2677477804_d419edffac_o-585x390.webp 585w, https:\/\/mytrails.info\/wp-content\/uploads\/2023\/09\/2677477804_d419edffac_o-263x175.webp 263w\" sizes=\"(max-width: 800px) 100vw, 800px\" \/><figcaption class=\"wp-element-caption\">Via Alpina \u00a9Ingo Rinner https:\/\/creativecommons.org\/licenses\/by\/2.0\/legalcode<\/figcaption><\/figure>\n\n\n\n<figure class=\"wp-block-image size-large\"><img loading=\"lazy\" decoding=\"async\" width=\"900\" height=\"488\" data-id=\"5145\" src=\"https:\/\/mytrails.info\/wp-content\/uploads\/2023\/09\/3751891420_41c9d95b34_o.webp\" alt=\"\" class=\"wp-image-5145\" srcset=\"https:\/\/mytrails.info\/wp-content\/uploads\/2023\/09\/3751891420_41c9d95b34_o.webp 900w, https:\/\/mytrails.info\/wp-content\/uploads\/2023\/09\/3751891420_41c9d95b34_o-300x163.webp 300w, https:\/\/mytrails.info\/wp-content\/uploads\/2023\/09\/3751891420_41c9d95b34_o-768x416.webp 768w, https:\/\/mytrails.info\/wp-content\/uploads\/2023\/09\/3751891420_41c9d95b34_o-585x317.webp 585w\" sizes=\"(max-width: 900px) 100vw, 900px\" \/><figcaption class=\"wp-element-caption\">Via Alpina \u00a9Ingo Rinner https:\/\/creativecommons.org\/licenses\/by\/2.0\/legalcode<\/figcaption><\/figure>\n\n\n\n<figure class=\"wp-block-image size-large\"><img loading=\"lazy\" decoding=\"async\" width=\"800\" height=\"533\" data-id=\"5143\" src=\"https:\/\/mytrails.info\/wp-content\/uploads\/2023\/09\/2676663303_40c63713d8_o.webp\" alt=\"\" class=\"wp-image-5143\" srcset=\"https:\/\/mytrails.info\/wp-content\/uploads\/2023\/09\/2676663303_40c63713d8_o.webp 800w, https:\/\/mytrails.info\/wp-content\/uploads\/2023\/09\/2676663303_40c63713d8_o-300x200.webp 300w, https:\/\/mytrails.info\/wp-content\/uploads\/2023\/09\/2676663303_40c63713d8_o-768x512.webp 768w, https:\/\/mytrails.info\/wp-content\/uploads\/2023\/09\/2676663303_40c63713d8_o-585x390.webp 585w, https:\/\/mytrails.info\/wp-content\/uploads\/2023\/09\/2676663303_40c63713d8_o-263x175.webp 263w\" sizes=\"(max-width: 800px) 100vw, 800px\" \/><figcaption class=\"wp-element-caption\">Via Alpina \u00a9Ingo Rinner https:\/\/creativecommons.org\/licenses\/by\/2.0\/legalcode<\/figcaption><\/figure>\n\n\n\n<figure class=\"wp-block-image size-large\"><img loading=\"lazy\" decoding=\"async\" width=\"800\" height=\"450\" data-id=\"5141\" src=\"https:\/\/mytrails.info\/wp-content\/uploads\/2023\/09\/2676662903_8f11f4c187_o.webp\" alt=\"\" class=\"wp-image-5141\" srcset=\"https:\/\/mytrails.info\/wp-content\/uploads\/2023\/09\/2676662903_8f11f4c187_o.webp 800w, https:\/\/mytrails.info\/wp-content\/uploads\/2023\/09\/2676662903_8f11f4c187_o-300x169.webp 300w, https:\/\/mytrails.info\/wp-content\/uploads\/2023\/09\/2676662903_8f11f4c187_o-768x432.webp 768w, https:\/\/mytrails.info\/wp-content\/uploads\/2023\/09\/2676662903_8f11f4c187_o-585x329.webp 585w\" sizes=\"(max-width: 800px) 100vw, 800px\" \/><figcaption class=\"wp-element-caption\">Via Alpina \u00a9Ingo Rinner https:\/\/creativecommons.org\/licenses\/by\/2.0\/legalcode<\/figcaption><\/figure>\n<\/figure>\n\n\n\n<div style=\"height:15px\" aria-hidden=\"true\" class=\"wp-block-spacer\"><\/div>\n\n\n\n<h2 class=\"wp-block-heading\" id=\"schwierigkeit-der-via-alpina\"><strong>Schwierigkeit der Via Alpina<\/strong><\/h2>\n\n\n\n<p>Die Streckenf\u00fchrung der Via Alpina wurde so gew\u00e4hlt, dass man ohne technische Erfahrung (z.B. muss nicht geklettert werden) den Fernwanderweg gehen kann. Es wird daher auch keinerlei entsprechende Ausr\u00fcstung (wie z.B. Seil, Klettergurt, Eispickel oder Steigeisen) ben\u00f6tigt. Dennoch ist die Via Alpina eine Trekkingtour entlang der kompletten Alpen und hat einen entsprechenden Charakter. Es k\u00f6nnen daher Ger\u00f6ll- und&nbsp; alte Schneefelder \u00fcberquert werden m\u00fcssen. Ansonsten verl\u00e4uft der Via Alpina auf&nbsp; einer Mischung zwischen breiten Forstwegen und aber auch schmaleren, teilweise zugewachsenen Pfaden. Insbesondere bei Regen k\u00f6nnen Steine und Pfade rutschig werden und erfordern (nicht nur dann) Trittsicherheit. Generell kann man also sagen, dass die Gesamtstrecke einen mittleren Schwierigkeitsgrad aufweist.<\/p>\n\n\n\n<h2 class=\"wp-block-heading\" id=\"orientierung-entlang-der-via-alpina\"><strong>Orientierung entlang der Via Alpina<\/strong><\/h2>\n\n\n\n<p>Der Via Alpina ist durchgehend markiert. Dennoch ist es nicht immer leicht, den richtigen Weg zu finden. Insbesondere bei weniger begangenen Passagen kann es vorkommen, dass man Abzweigungen \u00fcbersieht oder nicht wei\u00df, in welche Richtung es weiter geht. Wir empfehlen generell die Verwendung von digitalem, aber auch analogem Kartenmaterial. Apps wie z.B. Komoot bieten eine gute Hilfestellung und erleichtern die Orientierung. Dennoch ist es sehr empfehlenswert, zus\u00e4tzlich Karten auf Papier oder einen Wanderf\u00fchrer (kleines Buch) mitzunehmen. Sollte das Smartphone einen Defekt haben oder der Akku leer sein, hat man immer noch eine verl\u00e4ssliche Orientierungshilfe.<\/p>\n\n\n\n<h2 class=\"wp-block-heading\" id=\"unterkunfte-entlang-der-via-alpina\"><strong>Unterk\u00fcnfte entlang der Via Alpina<\/strong><\/h2>\n\n\n\n<p>Der Gro\u00dfteil der Wander:innen \u00fcbernachten auf den Bergh\u00fctten oder in Pensionen. Das ist auch die einfachste und bequemste Art, um die Via Alpina zu begehen. Dennoch kann man nat\u00fcrlich auch zelten. Hier ist es unbedingt erforderlich, die gesetzlichen Rahmenbedingungen vorab zu erfragen oder sich selbst zu informieren. Leider gibt es hier keine einheitliche Regelung entlang der Via Alpina. Vielmehr ist es ein Flickenwerk aus nationalen und teilweise sogar sehr regionalen Gesetzen (wie z.B. in den einzelnen Kantonen der Schweiz). Oberhalb der Baumgrenze ist das Biwakieren oder Zelten meistens erlaubt, aber auch nur f\u00fcr eine Nacht. Dies gilt aber z.B. auch nicht \u00fcberall, insbesondere nicht in Nationalparks. Nat\u00fcrlich gilt immer, dass man den Platz so verlassen sollte, wie man ihn vorgefunden hat. S\u00e4mtlicher M\u00fcll muss IMMER mitgenommen werden!<\/p>\n\n\n\n<h2 class=\"wp-block-heading\" id=\"versorgung-entlang-der-via-alpina\"><strong>Versorgung entlang der Via Alpina<\/strong><\/h2>\n\n\n\n<p>&nbsp;Es gibt zwei M\u00f6glichkeiten, sich unterwegs mit Essen zu versorgen:<\/p>\n\n\n\n<p>1. Man nimmt sich ausreichend Nahrung mit, um sich selbst zu versorgen und autark sein zu k\u00f6nnen. Immer wieder kommt man zu Ortschaften und kann dort in Superm\u00e4rkten oder kleinen L\u00e4den die Nahrungsvorr\u00e4te auff\u00fcllen. Diese Variante ist die kosteng\u00fcnstigste, aber auch die beschwerlichste. Der Rucksack wird durch das ganze Essen nat\u00fcrlich deutlich schwerer.<\/p>\n\n\n\n<p>2. Man isst in den H\u00fctten entlang des Weges. Man kommt immer Abends in eine H\u00fctte oder Pension und kann dort auch Abendessen. Fr\u00fchst\u00fccken ist dann nat\u00fcrlich genauso m\u00f6glich. Dies ist die komfortabelste, einfachste, aber auch teuerste Option.<\/p>\n\n\n\n<p>Wir empfehlen eine Mischung. Nehmt euch so viel Essen mit, wie ihr es tragen wollt und esst dieses zu Mittag und dann, wenn ihr mal unabh\u00e4ngig von einer H\u00fctte Abendessen oder Fr\u00fchst\u00fccken wollt. Ansonsten sind die Dienstleistungen der H\u00fctten immer wert, sie auch zu nutzen.<\/p>\n\n\n\n<figure class=\"wp-block-gallery has-nested-images columns-2 is-cropped wp-block-gallery-4 is-layout-flex wp-block-gallery-is-layout-flex\">\n<figure class=\"wp-block-image size-large\"><img loading=\"lazy\" decoding=\"async\" width=\"800\" height=\"450\" data-id=\"5165\" src=\"https:\/\/mytrails.info\/wp-content\/uploads\/2023\/09\/2677470276_2105be900c_o.webp\" alt=\"\" class=\"wp-image-5165\" srcset=\"https:\/\/mytrails.info\/wp-content\/uploads\/2023\/09\/2677470276_2105be900c_o.webp 800w, https:\/\/mytrails.info\/wp-content\/uploads\/2023\/09\/2677470276_2105be900c_o-300x169.webp 300w, https:\/\/mytrails.info\/wp-content\/uploads\/2023\/09\/2677470276_2105be900c_o-768x432.webp 768w, https:\/\/mytrails.info\/wp-content\/uploads\/2023\/09\/2677470276_2105be900c_o-585x329.webp 585w\" sizes=\"(max-width: 800px) 100vw, 800px\" \/><figcaption class=\"wp-element-caption\">Via Alpina \u00a9Ingo Rinner https:\/\/creativecommons.org\/licenses\/by\/2.0\/legalcode<\/figcaption><\/figure>\n\n\n\n<figure class=\"wp-block-image size-large\"><img loading=\"lazy\" decoding=\"async\" width=\"900\" height=\"506\" data-id=\"5163\" src=\"https:\/\/mytrails.info\/wp-content\/uploads\/2023\/09\/3728263543_86df2c587c_o.webp\" alt=\"\" class=\"wp-image-5163\" srcset=\"https:\/\/mytrails.info\/wp-content\/uploads\/2023\/09\/3728263543_86df2c587c_o.webp 900w, https:\/\/mytrails.info\/wp-content\/uploads\/2023\/09\/3728263543_86df2c587c_o-300x169.webp 300w, https:\/\/mytrails.info\/wp-content\/uploads\/2023\/09\/3728263543_86df2c587c_o-768x432.webp 768w, https:\/\/mytrails.info\/wp-content\/uploads\/2023\/09\/3728263543_86df2c587c_o-585x329.webp 585w\" sizes=\"(max-width: 900px) 100vw, 900px\" \/><figcaption class=\"wp-element-caption\">Via Alpina \u00a9Ingo Rinner https:\/\/creativecommons.org\/licenses\/by\/2.0\/legalcode<\/figcaption><\/figure>\n\n\n\n<figure class=\"wp-block-image size-large\"><img loading=\"lazy\" decoding=\"async\" width=\"900\" height=\"506\" data-id=\"5161\" src=\"https:\/\/mytrails.info\/wp-content\/uploads\/2023\/09\/3773824009_150bf33993_o.webp\" alt=\"\" class=\"wp-image-5161\" srcset=\"https:\/\/mytrails.info\/wp-content\/uploads\/2023\/09\/3773824009_150bf33993_o.webp 900w, https:\/\/mytrails.info\/wp-content\/uploads\/2023\/09\/3773824009_150bf33993_o-300x169.webp 300w, https:\/\/mytrails.info\/wp-content\/uploads\/2023\/09\/3773824009_150bf33993_o-768x432.webp 768w, https:\/\/mytrails.info\/wp-content\/uploads\/2023\/09\/3773824009_150bf33993_o-585x329.webp 585w\" sizes=\"(max-width: 900px) 100vw, 900px\" \/><figcaption class=\"wp-element-caption\">Via Alpina \u00a9Ingo Rinner https:\/\/creativecommons.org\/licenses\/by\/2.0\/legalcode<\/figcaption><\/figure>\n\n\n\n<figure class=\"wp-block-image size-large\"><img loading=\"lazy\" decoding=\"async\" width=\"800\" height=\"533\" data-id=\"5159\" src=\"https:\/\/mytrails.info\/wp-content\/uploads\/2023\/09\/2677994600_afea0c361d_o.webp\" alt=\"\" class=\"wp-image-5159\" srcset=\"https:\/\/mytrails.info\/wp-content\/uploads\/2023\/09\/2677994600_afea0c361d_o.webp 800w, https:\/\/mytrails.info\/wp-content\/uploads\/2023\/09\/2677994600_afea0c361d_o-300x200.webp 300w, https:\/\/mytrails.info\/wp-content\/uploads\/2023\/09\/2677994600_afea0c361d_o-768x512.webp 768w, https:\/\/mytrails.info\/wp-content\/uploads\/2023\/09\/2677994600_afea0c361d_o-585x390.webp 585w, https:\/\/mytrails.info\/wp-content\/uploads\/2023\/09\/2677994600_afea0c361d_o-263x175.webp 263w\" sizes=\"(max-width: 800px) 100vw, 800px\" \/><figcaption class=\"wp-element-caption\">Via Alpina \u00a9Ingo Rinner https:\/\/creativecommons.org\/licenses\/by\/2.0\/legalcode<\/figcaption><\/figure>\n<\/figure>\n\n\n\n<div style=\"height:15px\" aria-hidden=\"true\" class=\"wp-block-spacer\"><\/div>\n\n\n\n<h2 class=\"wp-block-heading\" id=\"trinkwasser-an-der-via-alpina\"><strong>Trinkwasser an der Via Alpina<\/strong><\/h2>\n\n\n\n<p>Trinkwasser ist \u00fcber einen Gro\u00dfteil der Via Alpina kein Problem. Es gibt viele B\u00e4che, Fl\u00fcsse oder Quellen. Es ist aber empfehlenswert, das Wasser zu filtern. Insbesondere in Gegenden mit Tierhaltung kann das Wasser durch F\u00e4kalien verschmutzt sein. In den H\u00fctten kann der Wasservorrat immer aufgef\u00fcllt werden!<\/p>\n\n\n\n<p>In den Kalkalpen sind nat\u00fcrliche Wasservorkommen deutlich seltener und man weniger h\u00e4ufig (teilweise nie) zwischen zwei H\u00fctten auff\u00fcllen. Man muss daher f\u00fcr die Tagesetappe mehr Trinkwasser mitf\u00fchren. Am besten, man erkundigt sich vorab (z.B. beim H\u00fcttenwirt) \u00fcber das Trinkwasservorkommen f\u00fcr die n\u00e4chste Etappe.<br><\/p>\n","protected":false},"excerpt":{"rendered":"<p>Die Via Alpina ist ein Weitwanderweg der Superlative. Auf \u00fcber 5000 Kilometer durchquert sie acht Staaten in Europa. Wir m\u00f6chten euch mit&hellip;<\/p>\n","protected":false},"author":2,"featured_media":5176,"comment_status":"open","ping_status":"open","sticky":false,"template":"","format":"standard","meta":{"footnotes":""},"categories":[104,51],"tags":[],"class_list":["post-5135","post","type-post","status-publish","format-standard","has-post-thumbnail","hentry","category-trails","category-trip-ideas"],"_links":{"self":[{"href":"https:\/\/mytrails.info\/de\/wp-json\/wp\/v2\/posts\/5135","targetHints":{"allow":["GET"]}}],"collection":[{"href":"https:\/\/mytrails.info\/de\/wp-json\/wp\/v2\/posts"}],"about":[{"href":"https:\/\/mytrails.info\/de\/wp-json\/wp\/v2\/types\/post"}],"author":[{"embeddable":true,"href":"https:\/\/mytrails.info\/de\/wp-json\/wp\/v2\/users\/2"}],"replies":[{"embeddable":true,"href":"https:\/\/mytrails.info\/de\/wp-json\/wp\/v2\/comments?post=5135"}],"version-history":[{"count":5,"href":"https:\/\/mytrails.info\/de\/wp-json\/wp\/v2\/posts\/5135\/revisions"}],"predecessor-version":[{"id":5179,"href":"https:\/\/mytrails.info\/de\/wp-json\/wp\/v2\/posts\/5135\/revisions\/5179"}],"wp:featuredmedia":[{"embeddable":true,"href":"https:\/\/mytrails.info\/de\/wp-json\/wp\/v2\/media\/5176"}],"wp:attachment":[{"href":"https:\/\/mytrails.info\/de\/wp-json\/wp\/v2\/media?parent=5135"}],"wp:term":[{"taxonomy":"category","embeddable":true,"href":"https:\/\/mytrails.info\/de\/wp-json\/wp\/v2\/categories?post=5135"},{"taxonomy":"post_tag","embeddable":true,"href":"https:\/\/mytrails.info\/de\/wp-json\/wp\/v2\/tags?post=5135"}],"curies":[{"name":"wp","href":"https:\/\/api.w.org\/{rel}","templated":true}]}}